{"id":1285,"date":"2019-08-31T19:14:22","date_gmt":"2019-08-31T17:14:22","guid":{"rendered":"http:\/\/www.celler-mixed-cup.de\/?p=1285"},"modified":"2019-08-31T19:14:22","modified_gmt":"2019-08-31T17:14:22","slug":"und-so-gehts-am-sonntag-weiter","status":"publish","type":"post","link":"https:\/\/www.celler-mixed-cup.de\/?p=1285","title":{"rendered":"Und so geht&#8217;s am Sonntag weiter.."},"content":{"rendered":"<p>Nach spannenden Gruppenspielen stehen nunmehr die Paarungen f\u00fcr die K.O.-Runde am Sonntag fest. Die Gruppenersten und -zweiten treten dabei in der A-Konkurrenz an, w\u00e4hrend sich die \u00fcbrigen Teams im B-Feld miteinander messen werden. Nachfolgend seht ihr, wann es f\u00fcr euch weiter geht:<\/p>\n<p><strong>Startzeit 09:00 Uhr<\/strong><\/p>\n<ul>\n<li>Thielemann\/Jung<\/li>\n<li>Koch\/Vivien<\/li>\n<li>Opola\/D\u00e4hn<\/li>\n<li>Bockelmann\/Marks<\/li>\n<li>Fingerhut\/Hilgert<\/li>\n<li>Fix\/Lechner<\/li>\n<\/ul>\n<p><strong>Startzeit 09:30 Uhr<\/strong><\/p>\n<ul>\n<li>Seidewitz\/Thiele<\/li>\n<li>S. Fengler\/Braun<\/li>\n<li>Wacker\/Fischer<\/li>\n<li>Piechota\/N\u00fcrge<\/li>\n<\/ul>\n<p><strong>Startzeit 10:00 Uhr<\/strong><\/p>\n<ul>\n<li>Schneider\/Schneider<\/li>\n<\/ul>\n<p><strong>Startzeit 10:30 Uhr<\/strong><\/p>\n<ul>\n<li>A. Fengler\/Neubert<\/li>\n<li>Novy\/Novy<\/li>\n<li>Bollwahn\/Schwarzkopf<\/li>\n<li>Bedford\/Wienberg<\/li>\n<li>Ripke\/Hobohm<\/li>\n<li>Siumbeli\/Hampel<\/li>\n<\/ul>\n<p>&nbsp;<\/p>\n","protected":false},"excerpt":{"rendered":"<p>Nach spannenden Gruppenspielen stehen nunmehr die Paarungen f\u00fcr die K.O.-Runde am Sonntag fest. Die Gruppenersten und -zweiten treten dabei in der A-Konkurrenz an, w\u00e4hrend sich die \u00fcbrigen Teams im B-Feld [&hellip;]<\/p>\n","protected":false},"author":2,"featured_media":1287,"comment_status":"open","ping_status":"open","sticky":false,"template":"","format":"standard","meta":{"footnotes":""},"categories":[16],"tags":[],"class_list":["post-1285","post","type-post","status-publish","format-standard","has-post-thumbnail","hentry","category-celler-mixed-cup-2019"],"aioseo_notices":[],"aioseo_head":"\n\t\t<!-- All in One SEO 4.9.10 - aioseo.com -->\n\t<meta name=\"description\" content=\"Nach spannenden Gruppenspielen stehen nunmehr die Paarungen f\u00fcr die K.O.-Runde am Sonntag fest. Die Gruppenersten und -zweiten treten dabei in der A-Konkurrenz an, w\u00e4hrend sich die \u00fcbrigen Teams im B-Feld miteinander messen werden. Nachfolgend seht ihr, wann es f\u00fcr euch weiter geht: Startzeit 09:00 Uhr Thielemann\/Jung Koch\/Vivien Opola\/D\u00e4hn Bockelmann\/Marks Fingerhut\/Hilgert Fix\/Lechner Startzeit 09:30 Uhr Seidewitz\/Thiele\" \/>\n\t<meta name=\"robots\" content=\"max-image-preview:large\" \/>\n\t<meta name=\"author\" content=\"Felix\"\/>\n\t<link rel=\"canonical\" href=\"https:\/\/www.celler-mixed-cup.de\/?p=1285\" \/>\n\t<meta name=\"generator\" content=\"All in One SEO (AIOSEO) 4.9.10\" \/>\n\t\t<meta property=\"og:locale\" content=\"de_DE\" \/>\n\t\t<meta property=\"og:site_name\" content=\"Celler Mixed Cup | 2026\" \/>\n\t\t<meta property=\"og:type\" content=\"article\" \/>\n\t\t<meta property=\"og:title\" content=\"Und so geht\u2019s am Sonntag weiter.. | Celler Mixed Cup\" \/>\n\t\t<meta property=\"og:description\" content=\"Nach spannenden Gruppenspielen stehen nunmehr die Paarungen f\u00fcr die K.O.-Runde am Sonntag fest. Die Gruppenersten und -zweiten treten dabei in der A-Konkurrenz an, w\u00e4hrend sich die \u00fcbrigen Teams im B-Feld miteinander messen werden. Nachfolgend seht ihr, wann es f\u00fcr euch weiter geht: Startzeit 09:00 Uhr Thielemann\/Jung Koch\/Vivien Opola\/D\u00e4hn Bockelmann\/Marks Fingerhut\/Hilgert Fix\/Lechner Startzeit 09:30 Uhr Seidewitz\/Thiele\" \/>\n\t\t<meta property=\"og:url\" content=\"https:\/\/www.celler-mixed-cup.de\/?p=1285\" \/>\n\t\t<meta property=\"article:published_time\" content=\"2019-08-31T17:14:22+00:00\" \/>\n\t\t<meta property=\"article:modified_time\" content=\"2019-08-31T17:14:22+00:00\" \/>\n\t\t<meta name=\"twitter:card\" content=\"summary\" \/>\n\t\t<meta name=\"twitter:title\" content=\"Und so geht\u2019s am Sonntag weiter.. | Celler Mixed Cup\" \/>\n\t\t<meta name=\"twitter:description\" content=\"Nach spannenden Gruppenspielen stehen nunmehr die Paarungen f\u00fcr die K.O.-Runde am Sonntag fest. Die Gruppenersten und -zweiten treten dabei in der A-Konkurrenz an, w\u00e4hrend sich die \u00fcbrigen Teams im B-Feld miteinander messen werden. Nachfolgend seht ihr, wann es f\u00fcr euch weiter geht: Startzeit 09:00 Uhr Thielemann\/Jung Koch\/Vivien Opola\/D\u00e4hn Bockelmann\/Marks Fingerhut\/Hilgert Fix\/Lechner Startzeit 09:30 Uhr Seidewitz\/Thiele\" \/>\n\t\t<script type=\"application\/ld+json\" class=\"aioseo-schema\">\n\t\t\t{\"@context\":\"https:\\\/\\\/schema.org\",\"@graph\":[{\"@type\":\"Article\",\"@id\":\"https:\\\/\\\/www.celler-mixed-cup.de\\\/?p=1285#article\",\"name\":\"Und so geht\\u2019s am Sonntag weiter.. | Celler Mixed Cup\",\"headline\":\"Und so geht&#8217;s am Sonntag weiter..\",\"author\":{\"@id\":\"https:\\\/\\\/www.celler-mixed-cup.de\\\/?author=2#author\"},\"publisher\":{\"@id\":\"https:\\\/\\\/www.celler-mixed-cup.de\\\/#organization\"},\"image\":{\"@type\":\"ImageObject\",\"url\":\"https:\\\/\\\/www.celler-mixed-cup.de\\\/wp-content\\\/uploads\\\/2019\\\/08\\\/70027664_1099588737096766_2479094890353393664_n.jpg\",\"width\":1993,\"height\":1104},\"datePublished\":\"2019-08-31T19:14:22+02:00\",\"dateModified\":\"2019-08-31T19:14:22+02:00\",\"inLanguage\":\"de-DE\",\"mainEntityOfPage\":{\"@id\":\"https:\\\/\\\/www.celler-mixed-cup.de\\\/?p=1285#webpage\"},\"isPartOf\":{\"@id\":\"https:\\\/\\\/www.celler-mixed-cup.de\\\/?p=1285#webpage\"},\"articleSection\":\"Celler Mixed Cup 2019\"},{\"@type\":\"BreadcrumbList\",\"@id\":\"https:\\\/\\\/www.celler-mixed-cup.de\\\/?p=1285#breadcrumblist\",\"itemListElement\":[{\"@type\":\"ListItem\",\"@id\":\"https:\\\/\\\/www.celler-mixed-cup.de#listItem\",\"position\":1,\"name\":\"Home\",\"item\":\"https:\\\/\\\/www.celler-mixed-cup.de\",\"nextItem\":{\"@type\":\"ListItem\",\"@id\":\"https:\\\/\\\/www.celler-mixed-cup.de\\\/?cat=16#listItem\",\"name\":\"Celler Mixed Cup 2019\"}},{\"@type\":\"ListItem\",\"@id\":\"https:\\\/\\\/www.celler-mixed-cup.de\\\/?cat=16#listItem\",\"position\":2,\"name\":\"Celler Mixed Cup 2019\",\"item\":\"https:\\\/\\\/www.celler-mixed-cup.de\\\/?cat=16\",\"nextItem\":{\"@type\":\"ListItem\",\"@id\":\"https:\\\/\\\/www.celler-mixed-cup.de\\\/?p=1285#listItem\",\"name\":\"Und so geht&#8217;s am Sonntag weiter..\"},\"previousItem\":{\"@type\":\"ListItem\",\"@id\":\"https:\\\/\\\/www.celler-mixed-cup.de#listItem\",\"name\":\"Home\"}},{\"@type\":\"ListItem\",\"@id\":\"https:\\\/\\\/www.celler-mixed-cup.de\\\/?p=1285#listItem\",\"position\":3,\"name\":\"Und so geht&#8217;s am Sonntag weiter..\",\"previousItem\":{\"@type\":\"ListItem\",\"@id\":\"https:\\\/\\\/www.celler-mixed-cup.de\\\/?cat=16#listItem\",\"name\":\"Celler Mixed Cup 2019\"}}]},{\"@type\":\"Organization\",\"@id\":\"https:\\\/\\\/www.celler-mixed-cup.de\\\/#organization\",\"name\":\"MTV Celle e.V.\",\"description\":\"2026\",\"url\":\"https:\\\/\\\/www.celler-mixed-cup.de\\\/\",\"logo\":{\"@type\":\"ImageObject\",\"url\":\"https:\\\/\\\/www.celler-mixed-cup.de\\\/wp-content\\\/uploads\\\/2016\\\/04\\\/layout-logo.png\",\"@id\":\"https:\\\/\\\/www.celler-mixed-cup.de\\\/?p=1285\\\/#organizationLogo\",\"width\":500,\"height\":206},\"image\":{\"@id\":\"https:\\\/\\\/www.celler-mixed-cup.de\\\/?p=1285\\\/#organizationLogo\"}},{\"@type\":\"Person\",\"@id\":\"https:\\\/\\\/www.celler-mixed-cup.de\\\/?author=2#author\",\"url\":\"https:\\\/\\\/www.celler-mixed-cup.de\\\/?author=2\",\"name\":\"Felix\",\"image\":{\"@type\":\"ImageObject\",\"@id\":\"https:\\\/\\\/www.celler-mixed-cup.de\\\/?p=1285#authorImage\",\"url\":\"https:\\\/\\\/secure.gravatar.com\\\/avatar\\\/ae9faaa959e2f4a491a7e05b874cfe7edcf13d7f0e231b8fdcf00b94c5e6e68e?s=96&d=mm&r=g\",\"width\":96,\"height\":96,\"caption\":\"Felix\"}},{\"@type\":\"WebPage\",\"@id\":\"https:\\\/\\\/www.celler-mixed-cup.de\\\/?p=1285#webpage\",\"url\":\"https:\\\/\\\/www.celler-mixed-cup.de\\\/?p=1285\",\"name\":\"Und so geht\\u2019s am Sonntag weiter.. | Celler Mixed Cup\",\"description\":\"Nach spannenden Gruppenspielen stehen nunmehr die Paarungen f\\u00fcr die K.O.-Runde am Sonntag fest. Die Gruppenersten und -zweiten treten dabei in der A-Konkurrenz an, w\\u00e4hrend sich die \\u00fcbrigen Teams im B-Feld miteinander messen werden. Nachfolgend seht ihr, wann es f\\u00fcr euch weiter geht: Startzeit 09:00 Uhr Thielemann\\\/Jung Koch\\\/Vivien Opola\\\/D\\u00e4hn Bockelmann\\\/Marks Fingerhut\\\/Hilgert Fix\\\/Lechner Startzeit 09:30 Uhr Seidewitz\\\/Thiele\",\"inLanguage\":\"de-DE\",\"isPartOf\":{\"@id\":\"https:\\\/\\\/www.celler-mixed-cup.de\\\/#website\"},\"breadcrumb\":{\"@id\":\"https:\\\/\\\/www.celler-mixed-cup.de\\\/?p=1285#breadcrumblist\"},\"author\":{\"@id\":\"https:\\\/\\\/www.celler-mixed-cup.de\\\/?author=2#author\"},\"creator\":{\"@id\":\"https:\\\/\\\/www.celler-mixed-cup.de\\\/?author=2#author\"},\"image\":{\"@type\":\"ImageObject\",\"url\":\"https:\\\/\\\/www.celler-mixed-cup.de\\\/wp-content\\\/uploads\\\/2019\\\/08\\\/70027664_1099588737096766_2479094890353393664_n.jpg\",\"@id\":\"https:\\\/\\\/www.celler-mixed-cup.de\\\/?p=1285\\\/#mainImage\",\"width\":1993,\"height\":1104},\"primaryImageOfPage\":{\"@id\":\"https:\\\/\\\/www.celler-mixed-cup.de\\\/?p=1285#mainImage\"},\"datePublished\":\"2019-08-31T19:14:22+02:00\",\"dateModified\":\"2019-08-31T19:14:22+02:00\"},{\"@type\":\"WebSite\",\"@id\":\"https:\\\/\\\/www.celler-mixed-cup.de\\\/#website\",\"url\":\"https:\\\/\\\/www.celler-mixed-cup.de\\\/\",\"name\":\"Celler Mixed Cup\",\"description\":\"2026\",\"inLanguage\":\"de-DE\",\"publisher\":{\"@id\":\"https:\\\/\\\/www.celler-mixed-cup.de\\\/#organization\"}}]}\n\t\t<\/script>\n\t\t<!-- All in One SEO -->\n\n","aioseo_head_json":{"title":"Und so geht\u2019s am Sonntag weiter.. | Celler Mixed Cup","description":"Nach spannenden Gruppenspielen stehen nunmehr die Paarungen f\u00fcr die K.O.-Runde am Sonntag fest. Die Gruppenersten und -zweiten treten dabei in der A-Konkurrenz an, w\u00e4hrend sich die \u00fcbrigen Teams im B-Feld miteinander messen werden. Nachfolgend seht ihr, wann es f\u00fcr euch weiter geht: Startzeit 09:00 Uhr Thielemann\/Jung Koch\/Vivien Opola\/D\u00e4hn Bockelmann\/Marks Fingerhut\/Hilgert Fix\/Lechner Startzeit 09:30 Uhr Seidewitz\/Thiele","canonical_url":"https:\/\/www.celler-mixed-cup.de\/?p=1285","robots":"max-image-preview:large","keywords":"","webmasterTools":{"miscellaneous":""},"schema":{"@context":"https:\/\/schema.org","@graph":[{"@type":"Article","@id":"https:\/\/www.celler-mixed-cup.de\/?p=1285#article","name":"Und so geht\u2019s am Sonntag weiter.. | Celler Mixed Cup","headline":"Und so geht&#8217;s am Sonntag weiter..","author":{"@id":"https:\/\/www.celler-mixed-cup.de\/?author=2#author"},"publisher":{"@id":"https:\/\/www.celler-mixed-cup.de\/#organization"},"image":{"@type":"ImageObject","url":"https:\/\/www.celler-mixed-cup.de\/wp-content\/uploads\/2019\/08\/70027664_1099588737096766_2479094890353393664_n.jpg","width":1993,"height":1104},"datePublished":"2019-08-31T19:14:22+02:00","dateModified":"2019-08-31T19:14:22+02:00","inLanguage":"de-DE","mainEntityOfPage":{"@id":"https:\/\/www.celler-mixed-cup.de\/?p=1285#webpage"},"isPartOf":{"@id":"https:\/\/www.celler-mixed-cup.de\/?p=1285#webpage"},"articleSection":"Celler Mixed Cup 2019"},{"@type":"BreadcrumbList","@id":"https:\/\/www.celler-mixed-cup.de\/?p=1285#breadcrumblist","itemListElement":[{"@type":"ListItem","@id":"https:\/\/www.celler-mixed-cup.de#listItem","position":1,"name":"Home","item":"https:\/\/www.celler-mixed-cup.de","nextItem":{"@type":"ListItem","@id":"https:\/\/www.celler-mixed-cup.de\/?cat=16#listItem","name":"Celler Mixed Cup 2019"}},{"@type":"ListItem","@id":"https:\/\/www.celler-mixed-cup.de\/?cat=16#listItem","position":2,"name":"Celler Mixed Cup 2019","item":"https:\/\/www.celler-mixed-cup.de\/?cat=16","nextItem":{"@type":"ListItem","@id":"https:\/\/www.celler-mixed-cup.de\/?p=1285#listItem","name":"Und so geht&#8217;s am Sonntag weiter.."},"previousItem":{"@type":"ListItem","@id":"https:\/\/www.celler-mixed-cup.de#listItem","name":"Home"}},{"@type":"ListItem","@id":"https:\/\/www.celler-mixed-cup.de\/?p=1285#listItem","position":3,"name":"Und so geht&#8217;s am Sonntag weiter..","previousItem":{"@type":"ListItem","@id":"https:\/\/www.celler-mixed-cup.de\/?cat=16#listItem","name":"Celler Mixed Cup 2019"}}]},{"@type":"Organization","@id":"https:\/\/www.celler-mixed-cup.de\/#organization","name":"MTV Celle e.V.","description":"2026","url":"https:\/\/www.celler-mixed-cup.de\/","logo":{"@type":"ImageObject","url":"https:\/\/www.celler-mixed-cup.de\/wp-content\/uploads\/2016\/04\/layout-logo.png","@id":"https:\/\/www.celler-mixed-cup.de\/?p=1285\/#organizationLogo","width":500,"height":206},"image":{"@id":"https:\/\/www.celler-mixed-cup.de\/?p=1285\/#organizationLogo"}},{"@type":"Person","@id":"https:\/\/www.celler-mixed-cup.de\/?author=2#author","url":"https:\/\/www.celler-mixed-cup.de\/?author=2","name":"Felix","image":{"@type":"ImageObject","@id":"https:\/\/www.celler-mixed-cup.de\/?p=1285#authorImage","url":"https:\/\/secure.gravatar.com\/avatar\/ae9faaa959e2f4a491a7e05b874cfe7edcf13d7f0e231b8fdcf00b94c5e6e68e?s=96&d=mm&r=g","width":96,"height":96,"caption":"Felix"}},{"@type":"WebPage","@id":"https:\/\/www.celler-mixed-cup.de\/?p=1285#webpage","url":"https:\/\/www.celler-mixed-cup.de\/?p=1285","name":"Und so geht\u2019s am Sonntag weiter.. | Celler Mixed Cup","description":"Nach spannenden Gruppenspielen stehen nunmehr die Paarungen f\u00fcr die K.O.-Runde am Sonntag fest. Die Gruppenersten und -zweiten treten dabei in der A-Konkurrenz an, w\u00e4hrend sich die \u00fcbrigen Teams im B-Feld miteinander messen werden. Nachfolgend seht ihr, wann es f\u00fcr euch weiter geht: Startzeit 09:00 Uhr Thielemann\/Jung Koch\/Vivien Opola\/D\u00e4hn Bockelmann\/Marks Fingerhut\/Hilgert Fix\/Lechner Startzeit 09:30 Uhr Seidewitz\/Thiele","inLanguage":"de-DE","isPartOf":{"@id":"https:\/\/www.celler-mixed-cup.de\/#website"},"breadcrumb":{"@id":"https:\/\/www.celler-mixed-cup.de\/?p=1285#breadcrumblist"},"author":{"@id":"https:\/\/www.celler-mixed-cup.de\/?author=2#author"},"creator":{"@id":"https:\/\/www.celler-mixed-cup.de\/?author=2#author"},"image":{"@type":"ImageObject","url":"https:\/\/www.celler-mixed-cup.de\/wp-content\/uploads\/2019\/08\/70027664_1099588737096766_2479094890353393664_n.jpg","@id":"https:\/\/www.celler-mixed-cup.de\/?p=1285\/#mainImage","width":1993,"height":1104},"primaryImageOfPage":{"@id":"https:\/\/www.celler-mixed-cup.de\/?p=1285#mainImage"},"datePublished":"2019-08-31T19:14:22+02:00","dateModified":"2019-08-31T19:14:22+02:00"},{"@type":"WebSite","@id":"https:\/\/www.celler-mixed-cup.de\/#website","url":"https:\/\/www.celler-mixed-cup.de\/","name":"Celler Mixed Cup","description":"2026","inLanguage":"de-DE","publisher":{"@id":"https:\/\/www.celler-mixed-cup.de\/#organization"}}]},"og:locale":"de_DE","og:site_name":"Celler Mixed Cup | 2026","og:type":"article","og:title":"Und so geht\u2019s am Sonntag weiter.. | Celler Mixed Cup","og:description":"Nach spannenden Gruppenspielen stehen nunmehr die Paarungen f\u00fcr die K.O.-Runde am Sonntag fest. Die Gruppenersten und -zweiten treten dabei in der A-Konkurrenz an, w\u00e4hrend sich die \u00fcbrigen Teams im B-Feld miteinander messen werden. Nachfolgend seht ihr, wann es f\u00fcr euch weiter geht: Startzeit 09:00 Uhr Thielemann\/Jung Koch\/Vivien Opola\/D\u00e4hn Bockelmann\/Marks Fingerhut\/Hilgert Fix\/Lechner Startzeit 09:30 Uhr Seidewitz\/Thiele","og:url":"https:\/\/www.celler-mixed-cup.de\/?p=1285","article:published_time":"2019-08-31T17:14:22+00:00","article:modified_time":"2019-08-31T17:14:22+00:00","twitter:card":"summary","twitter:title":"Und so geht\u2019s am Sonntag weiter.. | Celler Mixed Cup","twitter:description":"Nach spannenden Gruppenspielen stehen nunmehr die Paarungen f\u00fcr die K.O.-Runde am Sonntag fest. Die Gruppenersten und -zweiten treten dabei in der A-Konkurrenz an, w\u00e4hrend sich die \u00fcbrigen Teams im B-Feld miteinander messen werden. Nachfolgend seht ihr, wann es f\u00fcr euch weiter geht: Startzeit 09:00 Uhr Thielemann\/Jung Koch\/Vivien Opola\/D\u00e4hn Bockelmann\/Marks Fingerhut\/Hilgert Fix\/Lechner Startzeit 09:30 Uhr Seidewitz\/Thiele"},"aioseo_meta_data":{"post_id":"1285","title":null,"description":null,"keywords":null,"keyphrases":null,"primary_term":null,"canonical_url":null,"og_title":null,"og_description":null,"og_object_type":"default","og_image_type":"default","og_image_url":null,"og_image_width":null,"og_image_height":null,"og_image_custom_url":null,"og_image_custom_fields":null,"og_video":null,"og_custom_url":null,"og_article_section":null,"og_article_tags":null,"twitter_use_og":false,"twitter_card":"default","twitter_image_type":"default","twitter_image_url":null,"twitter_image_custom_url":null,"twitter_image_custom_fields":null,"twitter_title":null,"twitter_description":null,"schema":{"blockGraphs":[],"customGraphs":[],"default":{"data":{"Article":[],"Course":[],"Dataset":[],"FAQPage":[],"Movie":[],"Person":[],"Product":[],"ProductReview":[],"Car":[],"Recipe":[],"Service":[],"SoftwareApplication":[],"WebPage":[]},"graphName":"Article","isEnabled":true},"graphs":[]},"schema_type":null,"schema_type_options":null,"pillar_content":false,"robots_default":true,"robots_noindex":false,"robots_noarchive":false,"robots_nosnippet":false,"robots_nofollow":false,"robots_noimageindex":false,"robots_noodp":false,"robots_notranslate":false,"robots_max_snippet":null,"robots_max_videopreview":null,"robots_max_imagepreview":"large","priority":null,"frequency":null,"local_seo":null,"breadcrumb_settings":null,"limit_modified_date":false,"ai":null,"created":"2021-01-28 20:06:30","updated":"2025-07-04 14:45:31","seo_analyzer_scan_date":null},"aioseo_breadcrumb":"<div class=\"aioseo-breadcrumbs\"><span class=\"aioseo-breadcrumb\">\n\t\t\t<a href=\"https:\/\/www.celler-mixed-cup.de\" title=\"Home\">Home<\/a>\n\t\t<\/span><span class=\"aioseo-breadcrumb-separator\">&raquo;<\/span><span class=\"aioseo-breadcrumb\">\n\t\t\t<a href=\"https:\/\/www.celler-mixed-cup.de\/?cat=16\" title=\"Celler Mixed Cup 2019\">Celler Mixed Cup 2019<\/a>\n\t\t<\/span><span class=\"aioseo-breadcrumb-separator\">&raquo;<\/span><span class=\"aioseo-breadcrumb\">\n\t\t\tUnd so geht\u2019s am Sonntag weiter..\n\t\t<\/span><\/div>","aioseo_breadcrumb_json":[{"label":"Home","link":"https:\/\/www.celler-mixed-cup.de"},{"label":"Celler Mixed Cup 2019","link":"https:\/\/www.celler-mixed-cup.de\/?cat=16"},{"label":"Und so geht&#8217;s am Sonntag weiter..","link":"https:\/\/www.celler-mixed-cup.de\/?p=1285"}],"_links":{"self":[{"href":"https:\/\/www.celler-mixed-cup.de\/index.php?rest_route=\/wp\/v2\/posts\/1285","targetHints":{"allow":["GET"]}}],"collection":[{"href":"https:\/\/www.celler-mixed-cup.de\/index.php?rest_route=\/wp\/v2\/posts"}],"about":[{"href":"https:\/\/www.celler-mixed-cup.de\/index.php?rest_route=\/wp\/v2\/types\/post"}],"author":[{"embeddable":true,"href":"https:\/\/www.celler-mixed-cup.de\/index.php?rest_route=\/wp\/v2\/users\/2"}],"replies":[{"embeddable":true,"href":"https:\/\/www.celler-mixed-cup.de\/index.php?rest_route=%2Fwp%2Fv2%2Fcomments&post=1285"}],"version-history":[{"count":2,"href":"https:\/\/www.celler-mixed-cup.de\/index.php?rest_route=\/wp\/v2\/posts\/1285\/revisions"}],"predecessor-version":[{"id":2203,"href":"https:\/\/www.celler-mixed-cup.de\/index.php?rest_route=\/wp\/v2\/posts\/1285\/revisions\/2203"}],"wp:featuredmedia":[{"embeddable":true,"href":"https:\/\/www.celler-mixed-cup.de\/index.php?rest_route=\/wp\/v2\/media\/1287"}],"wp:attachment":[{"href":"https:\/\/www.celler-mixed-cup.de\/index.php?rest_route=%2Fwp%2Fv2%2Fmedia&parent=1285"}],"wp:term":[{"taxonomy":"category","embeddable":true,"href":"https:\/\/www.celler-mixed-cup.de\/index.php?rest_route=%2Fwp%2Fv2%2Fcategories&post=1285"},{"taxonomy":"post_tag","embeddable":true,"href":"https:\/\/www.celler-mixed-cup.de\/index.php?rest_route=%2Fwp%2Fv2%2Ftags&post=1285"}],"curies":[{"name":"wp","href":"https:\/\/api.w.org\/{rel}","templated":true}]}}